{"id":25048,"date":"2026-03-25T20:11:14","date_gmt":"2026-03-25T19:11:14","guid":{"rendered":"https:\/\/randonneurs.be\/?p=25048"},"modified":"2026-03-25T20:11:15","modified_gmt":"2026-03-25T19:11:15","slug":"la-publication-des-resultats-et-la-base-de-donnees-darchives-font-peau-neuve","status":"publish","type":"post","link":"https:\/\/randonneurs.be\/fr\/2026\/la-publication-des-resultats-et-la-base-de-donnees-darchives-font-peau-neuve\/","title":{"rendered":"La publication des r\u00e9sultats et la base de donn\u00e9es d\u2019archives font peau neuve"},"content":{"rendered":"\n<p><em>Ceux qui consultent r\u00e9guli\u00e8rement les r\u00e9sultats des courses sur notre site web ou souhaitent consulter les archives des homologations l&rsquo;avaient d\u00e9j\u00e0 remarqu\u00e9 : depuis l&rsquo;ann\u00e9e derni\u00e8re, nous avions d\u00fb dissocier les donn\u00e9es historiques des saisons pr\u00e9c\u00e9dentes des r\u00e9sultats des courses de la saison en cours. Des probl\u00e8mes de performance (temps de r\u00e9ponse) nous avaient contraints \u00e0 cette solution provisoire.<\/em><\/p>\n\n\n\n<p><em>Cela appartient d\u00e9sormais au pass\u00e9. Les randonneurs Steve De Ridder et Karel Brockhoven ont uni leurs forces et r\u00e9alis\u00e9 un impressionnant travail informatique. Une toute nouvelle base de donn\u00e9es a \u00e9t\u00e9 con\u00e7ue par Steve avec un nouvel interface utilisateur par Karel. Non seulement les r\u00e9sultats par BRM sont d\u00e9sormais pr\u00e9sent\u00e9s sous une nouvelle forme plus conviviale, mais vous pouvez \u00e9galement consulter en un coup d&rsquo;\u0153il toutes vos homologations et performances particuli\u00e8res (Super Randonneur, YAB, R5000, R10000). D\u00e9sormais, les r\u00e9sultats seront donc toujours publi\u00e9s via le lien suivant :&nbsp;<a rel=\"noreferrer noopener\" target=\"_blank\" href=\"https:\/\/results.randonneurs.be\/\">Base de donn\u00e9es d&rsquo;homologation | Randonneurs Belgique \/ Belgique<\/a><\/em><\/p>\n","protected":false},"excerpt":{"rendered":"<p>Ceux qui consultent r\u00e9guli\u00e8rement les r\u00e9sultats des courses sur notre site web ou souhaitent consulter les archives des homologations l&rsquo;avaient d\u00e9j\u00e0 remarqu\u00e9 : depuis l&rsquo;ann\u00e9e derni\u00e8re, nous avions d\u00fb dissocier&hellip;&nbsp;<a href=\"https:\/\/randonneurs.be\/fr\/2026\/la-publication-des-resultats-et-la-base-de-donnees-darchives-font-peau-neuve\/\" rel=\"bookmark\">Lire la suite &raquo;<span class=\"screen-reader-text\">La publication des r\u00e9sultats et la base de donn\u00e9es d\u2019archives font peau neuve<\/span><\/a><\/p>\n","protected":false},"author":8,"featured_media":0,"comment_status":"closed","ping_status":"closed","sticky":true,"template":"","format":"standard","meta":{"neve_meta_sidebar":"","neve_meta_container":"","neve_meta_enable_content_width":"","neve_meta_content_width":0,"neve_meta_title_alignment":"","neve_meta_author_avatar":"","neve_post_elements_order":"","neve_meta_disable_header":"","neve_meta_disable_footer":"","neve_meta_disable_title":"","footnotes":""},"categories":[17],"tags":[],"class_list":["post-25048","post","type-post","status-publish","format-standard","hentry","category-actualites"],"_links":{"self":[{"href":"https:\/\/randonneurs.be\/fr\/wp-json\/wp\/v2\/posts\/25048","targetHints":{"allow":["GET"]}}],"collection":[{"href":"https:\/\/randonneurs.be\/fr\/wp-json\/wp\/v2\/posts"}],"about":[{"href":"https:\/\/randonneurs.be\/fr\/wp-json\/wp\/v2\/types\/post"}],"author":[{"embeddable":true,"href":"https:\/\/randonneurs.be\/fr\/wp-json\/wp\/v2\/users\/8"}],"replies":[{"embeddable":true,"href":"https:\/\/randonneurs.be\/fr\/wp-json\/wp\/v2\/comments?post=25048"}],"version-history":[{"count":1,"href":"https:\/\/randonneurs.be\/fr\/wp-json\/wp\/v2\/posts\/25048\/revisions"}],"predecessor-version":[{"id":25049,"href":"https:\/\/randonneurs.be\/fr\/wp-json\/wp\/v2\/posts\/25048\/revisions\/25049"}],"wp:attachment":[{"href":"https:\/\/randonneurs.be\/fr\/wp-json\/wp\/v2\/media?parent=25048"}],"wp:term":[{"taxonomy":"category","embeddable":true,"href":"https:\/\/randonneurs.be\/fr\/wp-json\/wp\/v2\/categories?post=25048"},{"taxonomy":"post_tag","embeddable":true,"href":"https:\/\/randonneurs.be\/fr\/wp-json\/wp\/v2\/tags?post=25048"}],"curies":[{"name":"wp","href":"https:\/\/api.w.org\/{rel}","templated":true}]}}